{"id":3376,"date":"2024-02-06T17:00:57","date_gmt":"2024-02-06T17:00:57","guid":{"rendered":"https:\/\/amcham-manabi.com\/?p=3376"},"modified":"2024-02-09T14:55:31","modified_gmt":"2024-02-09T14:55:31","slug":"nuevo-directorio-y-comite-ejecutivo","status":"publish","type":"post","link":"https:\/\/amcham-manabi.com\/en\/2024\/02\/06\/nuevo-directorio-y-comite-ejecutivo\/","title":{"rendered":"Nuevo Directorio y Comit\u00e9 Ejecutivo"},"content":{"rendered":"<p>La C\u00e1mara de Comercio Ecuatoriano Americana Seccional Manab\u00ed, realiz\u00f3 la Asamblea General de Directores para elegir a sus principales dignidades y delegados al Comit\u00e9 Ejecutivo y Financiero, la posesi\u00f3n formal del Directorio 2024.<\/p>\n<p>Estos nombramientos refuerzan el compromiso de la organizaci\u00f3n con el desarrollo empresarial y la promoci\u00f3n del comercio bilateral con los EEUU.<\/p>\n<p>El Se\u00f1or Freddy Plat\u00f3n Gonz\u00e1lez ha sido reelegido como Presidente del Directorio de AmCham Manab\u00ed para un nuevo periodo. La Ing. Maria Jos\u00e9 Zambrano, fue designada como Vicepresidenta y para delegados al Comit\u00e9 Ejecutivo y Financiero quedo conformado por la Ab. Carolina Monroy Rezabala y la Ing. Gricelda Rivadeneira Aguirre.<\/p>\n","protected":false},"excerpt":{"rendered":"<p>La C\u00e1mara de Comercio Ecuatoriano Americana Seccional Manab\u00ed, realiz\u00f3 la Asamblea General de Directores para elegir a sus principales dignidades<\/p>\n","protected":false},"author":2,"featured_media":3377,"comment_status":"closed","ping_status":"closed","sticky":false,"template":"","format":"standard","meta":{"_joinchat":[],"footnotes":""},"categories":[1],"tags":[],"class_list":["post-3376","post","type-post","status-publish","format-standard","has-post-thumbnail","hentry","category-uncategorized"],"_links":{"self":[{"href":"https:\/\/amcham-manabi.com\/en\/wp-json\/wp\/v2\/posts\/3376","targetHints":{"allow":["GET"]}}],"collection":[{"href":"https:\/\/amcham-manabi.com\/en\/wp-json\/wp\/v2\/posts"}],"about":[{"href":"https:\/\/amcham-manabi.com\/en\/wp-json\/wp\/v2\/types\/post"}],"author":[{"embeddable":true,"href":"https:\/\/amcham-manabi.com\/en\/wp-json\/wp\/v2\/users\/2"}],"replies":[{"embeddable":true,"href":"https:\/\/amcham-manabi.com\/en\/wp-json\/wp\/v2\/comments?post=3376"}],"version-history":[{"count":3,"href":"https:\/\/amcham-manabi.com\/en\/wp-json\/wp\/v2\/posts\/3376\/revisions"}],"predecessor-version":[{"id":3428,"href":"https:\/\/amcham-manabi.com\/en\/wp-json\/wp\/v2\/posts\/3376\/revisions\/3428"}],"wp:featuredmedia":[{"embeddable":true,"href":"https:\/\/amcham-manabi.com\/en\/wp-json\/wp\/v2\/media\/3377"}],"wp:attachment":[{"href":"https:\/\/amcham-manabi.com\/en\/wp-json\/wp\/v2\/media?parent=3376"}],"wp:term":[{"taxonomy":"category","embeddable":true,"href":"https:\/\/amcham-manabi.com\/en\/wp-json\/wp\/v2\/categories?post=3376"},{"taxonomy":"post_tag","embeddable":true,"href":"https:\/\/amcham-manabi.com\/en\/wp-json\/wp\/v2\/tags?post=3376"}],"curies":[{"name":"wp","href":"https:\/\/api.w.org\/{rel}","templated":true}]}}