{"id":3626,"date":"2025-01-28T21:25:27","date_gmt":"2025-01-28T21:25:27","guid":{"rendered":"https:\/\/amcham-manabi.com\/?p=3626"},"modified":"2025-01-28T21:26:02","modified_gmt":"2025-01-28T21:26:02","slug":"nueva-alianza-con-camara-de-industrias-y-produccion-de-manabi","status":"publish","type":"post","link":"https:\/\/amcham-manabi.com\/en\/2025\/01\/28\/nueva-alianza-con-camara-de-industrias-y-produccion-de-manabi\/","title":{"rendered":"Nueva Alianza con C\u00e1mara de Industrias y Producci\u00f3n de Manab\u00ed"},"content":{"rendered":"<p>AmCham Manab\u00ed firm\u00f3 un nuevo convenio con la C\u00e1mara de Industrias y Producci\u00f3n de Manab\u00ed. Este acuerdo refuerza nuestro compromiso de impulsar el desarrollo empresarial y generar nuevas oportunidades para nuestros socios y la comunidad empresarial de la provincia.<\/p>\n<p>\u00a1Juntos seguimos creciendo! \ud83d\udcbc\u2728<\/p>\n<p><img loading=\"lazy\" decoding=\"async\" class=\"wp-image-3628 aligncenter\" src=\"https:\/\/amcham-manabi.com\/wp-content\/uploads\/2025\/01\/WhatsApp-Image-2025-01-28-at-4.16.25-PM-300x214.jpeg\" alt=\"\" width=\"829\" height=\"591\" srcset=\"https:\/\/amcham-manabi.com\/wp-content\/uploads\/2025\/01\/WhatsApp-Image-2025-01-28-at-4.16.25-PM-300x214.jpeg 300w, https:\/\/amcham-manabi.com\/wp-content\/uploads\/2025\/01\/WhatsApp-Image-2025-01-28-at-4.16.25-PM-1024x731.jpeg 1024w, https:\/\/amcham-manabi.com\/wp-content\/uploads\/2025\/01\/WhatsApp-Image-2025-01-28-at-4.16.25-PM-768x548.jpeg 768w, https:\/\/amcham-manabi.com\/wp-content\/uploads\/2025\/01\/WhatsApp-Image-2025-01-28-at-4.16.25-PM-1536x1096.jpeg 1536w, https:\/\/amcham-manabi.com\/wp-content\/uploads\/2025\/01\/WhatsApp-Image-2025-01-28-at-4.16.25-PM-2048x1462.jpeg 2048w, https:\/\/amcham-manabi.com\/wp-content\/uploads\/2025\/01\/WhatsApp-Image-2025-01-28-at-4.16.25-PM-600x428.jpeg 600w\" sizes=\"auto, (max-width: 829px) 100vw, 829px\" \/><\/p>\n","protected":false},"excerpt":{"rendered":"<p>AmCham Manab\u00ed firm\u00f3 un nuevo convenio con la C\u00e1mara de Industrias y Producci\u00f3n de Manab\u00ed. Este acuerdo refuerza nuestro compromiso<\/p>\n","protected":false},"author":2,"featured_media":3627,"comment_status":"closed","ping_status":"closed","sticky":false,"template":"","format":"standard","meta":{"_joinchat":[],"footnotes":""},"categories":[1],"tags":[],"class_list":["post-3626","post","type-post","status-publish","format-standard","has-post-thumbnail","hentry","category-uncategorized"],"_links":{"self":[{"href":"https:\/\/amcham-manabi.com\/en\/wp-json\/wp\/v2\/posts\/3626","targetHints":{"allow":["GET"]}}],"collection":[{"href":"https:\/\/amcham-manabi.com\/en\/wp-json\/wp\/v2\/posts"}],"about":[{"href":"https:\/\/amcham-manabi.com\/en\/wp-json\/wp\/v2\/types\/post"}],"author":[{"embeddable":true,"href":"https:\/\/amcham-manabi.com\/en\/wp-json\/wp\/v2\/users\/2"}],"replies":[{"embeddable":true,"href":"https:\/\/amcham-manabi.com\/en\/wp-json\/wp\/v2\/comments?post=3626"}],"version-history":[{"count":1,"href":"https:\/\/amcham-manabi.com\/en\/wp-json\/wp\/v2\/posts\/3626\/revisions"}],"predecessor-version":[{"id":3629,"href":"https:\/\/amcham-manabi.com\/en\/wp-json\/wp\/v2\/posts\/3626\/revisions\/3629"}],"wp:featuredmedia":[{"embeddable":true,"href":"https:\/\/amcham-manabi.com\/en\/wp-json\/wp\/v2\/media\/3627"}],"wp:attachment":[{"href":"https:\/\/amcham-manabi.com\/en\/wp-json\/wp\/v2\/media?parent=3626"}],"wp:term":[{"taxonomy":"category","embeddable":true,"href":"https:\/\/amcham-manabi.com\/en\/wp-json\/wp\/v2\/categories?post=3626"},{"taxonomy":"post_tag","embeddable":true,"href":"https:\/\/amcham-manabi.com\/en\/wp-json\/wp\/v2\/tags?post=3626"}],"curies":[{"name":"wp","href":"https:\/\/api.w.org\/{rel}","templated":true}]}}