{"id":3733,"date":"2025-05-19T11:46:57","date_gmt":"2025-05-19T16:46:57","guid":{"rendered":"https:\/\/amcham-manabi.com\/?p=3733"},"modified":"2025-05-19T11:47:51","modified_gmt":"2025-05-19T16:47:51","slug":"nueva-alianza-estrategica-con-instituto-europeo-de-posgrado","status":"publish","type":"post","link":"https:\/\/amcham-manabi.com\/en\/2025\/05\/19\/nueva-alianza-estrategica-con-instituto-europeo-de-posgrado\/","title":{"rendered":"Nueva Alianza Estrat\u00e9gica Con Instituto Europeo de Posgrado"},"content":{"rendered":"<p>\u00a1Buenas noticias para Nuestros Socios!<\/p>\n<p>La C\u00e1mara de Comercio Ecuatoriano Americana Seccional Manab\u00ed, firm\u00f3 un importante convenio con el Instituto Europeo de Posgrado \u2013 IEP.<\/p>\n<p><img loading=\"lazy\" decoding=\"async\" class=\" wp-image-3734 aligncenter\" src=\"https:\/\/amcham-manabi.com\/wp-content\/uploads\/2025\/05\/WhatsApp-Image-2025-05-14-at-2.29.11-PM-220x300.jpeg\" alt=\"\" width=\"432\" height=\"589\" srcset=\"https:\/\/amcham-manabi.com\/wp-content\/uploads\/2025\/05\/WhatsApp-Image-2025-05-14-at-2.29.11-PM-220x300.jpeg 220w, https:\/\/amcham-manabi.com\/wp-content\/uploads\/2025\/05\/WhatsApp-Image-2025-05-14-at-2.29.11-PM-750x1024.jpeg 750w, https:\/\/amcham-manabi.com\/wp-content\/uploads\/2025\/05\/WhatsApp-Image-2025-05-14-at-2.29.11-PM-768x1048.jpeg 768w, https:\/\/amcham-manabi.com\/wp-content\/uploads\/2025\/05\/WhatsApp-Image-2025-05-14-at-2.29.11-PM-600x819.jpeg 600w, https:\/\/amcham-manabi.com\/wp-content\/uploads\/2025\/05\/WhatsApp-Image-2025-05-14-at-2.29.11-PM.jpeg 1039w\" sizes=\"auto, (max-width: 432px) 100vw, 432px\" \/><\/p>\n<p>Gracias a esta alianza, nuestros socios, colaboradores y sus familiares hasta segundo grado podr\u00e1n acceder a:<\/p>\n<p>* Descuentos de hasta el 86% en maestr\u00edas y MBA\u2019s,<br \/>\n\u2022 20 becas del 100% para cursos de formaci\u00f3n continua,<br \/>\n\u2022 Acceso gratuito a clases magistrales online.<\/p>\n<p>Seguimos creando oportunidades de desarrollo acad\u00e9mico y profesional para nuestra comunidad.<\/p>\n","protected":false},"excerpt":{"rendered":"<p>\u00a1Buenas noticias para Nuestros Socios! La C\u00e1mara de Comercio Ecuatoriano Americana Seccional Manab\u00ed, firm\u00f3 un importante convenio con el Instituto<\/p>\n","protected":false},"author":2,"featured_media":3735,"comment_status":"closed","ping_status":"closed","sticky":false,"template":"","format":"standard","meta":{"_joinchat":[],"footnotes":""},"categories":[1],"tags":[],"class_list":["post-3733","post","type-post","status-publish","format-standard","has-post-thumbnail","hentry","category-uncategorized"],"_links":{"self":[{"href":"https:\/\/amcham-manabi.com\/en\/wp-json\/wp\/v2\/posts\/3733","targetHints":{"allow":["GET"]}}],"collection":[{"href":"https:\/\/amcham-manabi.com\/en\/wp-json\/wp\/v2\/posts"}],"about":[{"href":"https:\/\/amcham-manabi.com\/en\/wp-json\/wp\/v2\/types\/post"}],"author":[{"embeddable":true,"href":"https:\/\/amcham-manabi.com\/en\/wp-json\/wp\/v2\/users\/2"}],"replies":[{"embeddable":true,"href":"https:\/\/amcham-manabi.com\/en\/wp-json\/wp\/v2\/comments?post=3733"}],"version-history":[{"count":1,"href":"https:\/\/amcham-manabi.com\/en\/wp-json\/wp\/v2\/posts\/3733\/revisions"}],"predecessor-version":[{"id":3736,"href":"https:\/\/amcham-manabi.com\/en\/wp-json\/wp\/v2\/posts\/3733\/revisions\/3736"}],"wp:featuredmedia":[{"embeddable":true,"href":"https:\/\/amcham-manabi.com\/en\/wp-json\/wp\/v2\/media\/3735"}],"wp:attachment":[{"href":"https:\/\/amcham-manabi.com\/en\/wp-json\/wp\/v2\/media?parent=3733"}],"wp:term":[{"taxonomy":"category","embeddable":true,"href":"https:\/\/amcham-manabi.com\/en\/wp-json\/wp\/v2\/categories?post=3733"},{"taxonomy":"post_tag","embeddable":true,"href":"https:\/\/amcham-manabi.com\/en\/wp-json\/wp\/v2\/tags?post=3733"}],"curies":[{"name":"wp","href":"https:\/\/api.w.org\/{rel}","templated":true}]}}