{"id":3802,"date":"2025-07-25T16:27:07","date_gmt":"2025-07-25T21:27:07","guid":{"rendered":"https:\/\/amcham-manabi.com\/?p=3802"},"modified":"2025-07-25T16:29:56","modified_gmt":"2025-07-25T21:29:56","slug":"amcham-manabi-conmemoro-los-249-anos-de-independencia-de-los-estados-unidos","status":"publish","type":"post","link":"https:\/\/amcham-manabi.com\/en\/2025\/07\/25\/amcham-manabi-conmemoro-los-249-anos-de-independencia-de-los-estados-unidos\/","title":{"rendered":"AMCHAM MANAB\u00cd Conmemor\u00f3 los 249 A\u00f1os de Independencia de los Estados Unidos"},"content":{"rendered":"<p data-start=\"196\" data-end=\"469\">La instituci\u00f3n celebr\u00f3 los 249 a\u00f1os de la Independencia de los Estados Unidos, con un emotivo y breve programa de confraternidad que reuni\u00f3 a socios de la instituci\u00f3n, empresarios de la localidad y aliados estrat\u00e9gicos.<\/p>\n<p data-start=\"471\" data-end=\"857\">El evento fue una oportunidad para fortalecer lazos entre el sector empresarial manabita y el esp\u00edritu de colaboraci\u00f3n binacional. Durante la jornada, los asistentes disfrutaron de degustaciones gastron\u00f3micas a cargo de emprendedores locales, exposici\u00f3n de artesan\u00edas, m\u00fasica en vivo, sorteos y un espectacular show de fuegos artificiales que ilumin\u00f3 la noche en un ambiente festivo y de unidad.<\/p>\n<p data-start=\"859\" data-end=\"1020\">AMCHAM Manab\u00ed reafirma as\u00ed su compromiso de fomentar espacios de integraci\u00f3n, cultura y fortalecimiento de relaciones comerciales entre Ecuador y Estados Unidos.<\/p>\n<div style=\"width: 480px;\" class=\"wp-video\"><video class=\"wp-video-shortcode\" id=\"video-3802-1\" width=\"480\" height=\"784\" preload=\"metadata\" controls=\"controls\"><source type=\"video\/mp4\" src=\"https:\/\/amcham-manabi.com\/wp-content\/uploads\/2025\/07\/CELEBRACION-INDEPENDENCIA-EEUU.mp4?_=1\" \/><a href=\"https:\/\/amcham-manabi.com\/wp-content\/uploads\/2025\/07\/CELEBRACION-INDEPENDENCIA-EEUU.mp4\">https:\/\/amcham-manabi.com\/wp-content\/uploads\/2025\/07\/CELEBRACION-INDEPENDENCIA-EEUU.mp4<\/a><\/video><\/div>\n","protected":false},"excerpt":{"rendered":"<p>La instituci\u00f3n celebr\u00f3 los 249 a\u00f1os de la Independencia de los Estados Unidos, con un emotivo y breve programa de<\/p>\n","protected":false},"author":2,"featured_media":3803,"comment_status":"closed","ping_status":"closed","sticky":false,"template":"","format":"standard","meta":{"_joinchat":[],"footnotes":""},"categories":[1],"tags":[],"class_list":["post-3802","post","type-post","status-publish","format-standard","has-post-thumbnail","hentry","category-uncategorized"],"_links":{"self":[{"href":"https:\/\/amcham-manabi.com\/en\/wp-json\/wp\/v2\/posts\/3802","targetHints":{"allow":["GET"]}}],"collection":[{"href":"https:\/\/amcham-manabi.com\/en\/wp-json\/wp\/v2\/posts"}],"about":[{"href":"https:\/\/amcham-manabi.com\/en\/wp-json\/wp\/v2\/types\/post"}],"author":[{"embeddable":true,"href":"https:\/\/amcham-manabi.com\/en\/wp-json\/wp\/v2\/users\/2"}],"replies":[{"embeddable":true,"href":"https:\/\/amcham-manabi.com\/en\/wp-json\/wp\/v2\/comments?post=3802"}],"version-history":[{"count":3,"href":"https:\/\/amcham-manabi.com\/en\/wp-json\/wp\/v2\/posts\/3802\/revisions"}],"predecessor-version":[{"id":3807,"href":"https:\/\/amcham-manabi.com\/en\/wp-json\/wp\/v2\/posts\/3802\/revisions\/3807"}],"wp:featuredmedia":[{"embeddable":true,"href":"https:\/\/amcham-manabi.com\/en\/wp-json\/wp\/v2\/media\/3803"}],"wp:attachment":[{"href":"https:\/\/amcham-manabi.com\/en\/wp-json\/wp\/v2\/media?parent=3802"}],"wp:term":[{"taxonomy":"category","embeddable":true,"href":"https:\/\/amcham-manabi.com\/en\/wp-json\/wp\/v2\/categories?post=3802"},{"taxonomy":"post_tag","embeddable":true,"href":"https:\/\/amcham-manabi.com\/en\/wp-json\/wp\/v2\/tags?post=3802"}],"curies":[{"name":"wp","href":"https:\/\/api.w.org\/{rel}","templated":true}]}}