{"id":3827,"date":"2025-08-28T11:14:31","date_gmt":"2025-08-28T16:14:31","guid":{"rendered":"https:\/\/amcham-manabi.com\/?p=3827"},"modified":"2025-08-28T11:14:31","modified_gmt":"2025-08-28T16:14:31","slug":"reunion-estrategica-entre-amcham-manabi-e-instituto-europeo-de-posgrado-iep","status":"publish","type":"post","link":"https:\/\/amcham-manabi.com\/en\/2025\/08\/28\/reunion-estrategica-entre-amcham-manabi-e-instituto-europeo-de-posgrado-iep\/","title":{"rendered":"Reuni\u00f3n Estrat\u00e9gica entre AmCham Manab\u00ed e Instituto Europeo de Posgrado (IEP)"},"content":{"rendered":"<p data-start=\"213\" data-end=\"605\">Ana Frontela, representante titular para Am\u00e9rica Latina del Instituto Europeo de Posgrado (IEP), mantuvo una importante reuni\u00f3n con el Sr. Freddy Plat\u00f3n, presidente de la C\u00e1mara de Comercio Ecuatoriano Americana \u2013 AmCham Manab\u00ed. El encuentro se desarroll\u00f3 en el marco del convenio vigente entre ambas instituciones, con el objetivo de fortalecer la cooperaci\u00f3n acad\u00e9mica y empresarial.<\/p>\n<p data-start=\"607\" data-end=\"1013\">La sesi\u00f3n cont\u00f3 con la participaci\u00f3n de Jenny Delgado, directora de AmCham; \u00c1ngela Hidalgo, l\u00edder de Vinculaci\u00f3n Corporativa Directa del IEP; y Yoconda Mendoza, aliada de AmCham. Gracias a sus aportes, se consolidaron propuestas estrat\u00e9gicas que impulsar\u00e1n la implementaci\u00f3n del convenio, generando nuevas oportunidades de formaci\u00f3n, desarrollo profesional y crecimiento empresarial para nuestros socios.<\/p>\n<p data-start=\"607\" data-end=\"1013\"><img loading=\"lazy\" decoding=\"async\" class=\"wp-image-3829 aligncenter\" src=\"https:\/\/amcham-manabi.com\/wp-content\/uploads\/2025\/08\/WhatsApp-Image-2025-08-26-at-7.18.53-PM-300x225.jpeg\" alt=\"\" width=\"875\" height=\"656\" srcset=\"https:\/\/amcham-manabi.com\/wp-content\/uploads\/2025\/08\/WhatsApp-Image-2025-08-26-at-7.18.53-PM-300x225.jpeg 300w, https:\/\/amcham-manabi.com\/wp-content\/uploads\/2025\/08\/WhatsApp-Image-2025-08-26-at-7.18.53-PM-1024x768.jpeg 1024w, https:\/\/amcham-manabi.com\/wp-content\/uploads\/2025\/08\/WhatsApp-Image-2025-08-26-at-7.18.53-PM-768x576.jpeg 768w, https:\/\/amcham-manabi.com\/wp-content\/uploads\/2025\/08\/WhatsApp-Image-2025-08-26-at-7.18.53-PM-600x450.jpeg 600w, https:\/\/amcham-manabi.com\/wp-content\/uploads\/2025\/08\/WhatsApp-Image-2025-08-26-at-7.18.53-PM.jpeg 1280w\" sizes=\"auto, (max-width: 875px) 100vw, 875px\" \/><\/p>\n","protected":false},"excerpt":{"rendered":"<p>Ana Frontela, representante titular para Am\u00e9rica Latina del Instituto Europeo de Posgrado (IEP), mantuvo una importante reuni\u00f3n con el Sr.<\/p>\n","protected":false},"author":2,"featured_media":3828,"comment_status":"closed","ping_status":"closed","sticky":false,"template":"","format":"standard","meta":{"_joinchat":[],"footnotes":""},"categories":[],"tags":[],"class_list":["post-3827","post","type-post","status-publish","format-standard","has-post-thumbnail","hentry"],"_links":{"self":[{"href":"https:\/\/amcham-manabi.com\/en\/wp-json\/wp\/v2\/posts\/3827","targetHints":{"allow":["GET"]}}],"collection":[{"href":"https:\/\/amcham-manabi.com\/en\/wp-json\/wp\/v2\/posts"}],"about":[{"href":"https:\/\/amcham-manabi.com\/en\/wp-json\/wp\/v2\/types\/post"}],"author":[{"embeddable":true,"href":"https:\/\/amcham-manabi.com\/en\/wp-json\/wp\/v2\/users\/2"}],"replies":[{"embeddable":true,"href":"https:\/\/amcham-manabi.com\/en\/wp-json\/wp\/v2\/comments?post=3827"}],"version-history":[{"count":1,"href":"https:\/\/amcham-manabi.com\/en\/wp-json\/wp\/v2\/posts\/3827\/revisions"}],"predecessor-version":[{"id":3830,"href":"https:\/\/amcham-manabi.com\/en\/wp-json\/wp\/v2\/posts\/3827\/revisions\/3830"}],"wp:featuredmedia":[{"embeddable":true,"href":"https:\/\/amcham-manabi.com\/en\/wp-json\/wp\/v2\/media\/3828"}],"wp:attachment":[{"href":"https:\/\/amcham-manabi.com\/en\/wp-json\/wp\/v2\/media?parent=3827"}],"wp:term":[{"taxonomy":"category","embeddable":true,"href":"https:\/\/amcham-manabi.com\/en\/wp-json\/wp\/v2\/categories?post=3827"},{"taxonomy":"post_tag","embeddable":true,"href":"https:\/\/amcham-manabi.com\/en\/wp-json\/wp\/v2\/tags?post=3827"}],"curies":[{"name":"wp","href":"https:\/\/api.w.org\/{rel}","templated":true}]}}