{"id":3861,"date":"2025-09-16T10:36:00","date_gmt":"2025-09-16T15:36:00","guid":{"rendered":"https:\/\/amcham-manabi.com\/?p=3861"},"modified":"2025-09-16T10:37:51","modified_gmt":"2025-09-16T15:37:51","slug":"convocatoria-reinado-amcham-manabi","status":"publish","type":"post","link":"https:\/\/amcham-manabi.com\/en\/2025\/09\/16\/convocatoria-reinado-amcham-manabi\/","title":{"rendered":"Convocatoria Reinado AmCham Manab\u00ed"},"content":{"rendered":"<article class=\"text-token-text-primary w-full focus:outline-none scroll-mt-[calc(var(--header-height)+min(200px,max(70px,20svh)))]\" dir=\"auto\" tabindex=\"-1\" data-turn-id=\"request-WEB:cbdba654-5d5c-458c-b22d-1d97d43db952-1\" data-testid=\"conversation-turn-4\" data-scroll-anchor=\"true\" data-turn=\"assistant\">\n<div class=\"text-base my-auto mx-auto pb-10 [--thread-content-margin:--spacing(4)] thread-sm:[--thread-content-margin:--spacing(6)] thread-lg:[--thread-content-margin:--spacing(16)] px-(--thread-content-margin)\">\n<div class=\"[--thread-content-max-width:40rem] thread-lg:[--thread-content-max-width:48rem] mx-auto max-w-(--thread-content-max-width) flex-1 group\/turn-messages focus-visible:outline-hidden relative flex w-full min-w-0 flex-col agent-turn\" tabindex=\"-1\">\n<div class=\"flex max-w-full flex-col grow\">\n<div class=\"min-h-8 text-message relative flex w-full flex-col items-end gap-2 text-start break-words whitespace-normal [.text-message+&#038;]:mt-5\" dir=\"auto\" data-message-author-role=\"assistant\" data-message-id=\"6004ddcf-9b90-47cb-813a-b9cb00471162\" data-message-model-slug=\"gpt-5\">\n<div class=\"flex w-full flex-col gap-1 empty:hidden first:pt-[3px]\">\n<div class=\"markdown prose dark:prose-invert w-full break-words light markdown-new-styling\">\n<p data-start=\"159\" data-end=\"401\"><span style=\"font-size: 14pt;\">AmCham Manab\u00ed abre su convocatoria para elegir a la <strong data-start=\"211\" data-end=\"238\">Reina de la C\u00e1mara 2025<\/strong>, un espacio que busca destacar a <strong data-start=\"272\" data-end=\"321\">mujeres aut\u00e9nticas, inteligentes y con visi\u00f3n<\/strong>, capaces de representar con orgullo a nuestra instituci\u00f3n y a la provincia. \u2728<\/span><\/p>\n<p data-start=\"403\" data-end=\"468\"><span style=\"font-size: 14pt;\">\ud83d\udccd <strong data-start=\"406\" data-end=\"423\">Preselecci\u00f3n:<\/strong> 29 de septiembre \u2013 Hotel Oro Verde, Manta.<\/span><\/p>\n<p data-start=\"470\" data-end=\"614\"><span style=\"font-size: 14pt;\"><strong data-start=\"470\" data-end=\"502\">Requisitos de participaci\u00f3n:<\/strong><\/span><br data-start=\"502\" data-end=\"505\" \/><span style=\"font-size: 14pt;\">\u2714 Tener entre 17 y 25 a\u00f1os.<\/span><br data-start=\"532\" data-end=\"535\" \/><span style=\"font-size: 14pt;\">\u2714 Residir en cualquier ciudad de la provincia de Manab\u00ed.<\/span><br data-start=\"591\" data-end=\"594\" \/><span style=\"font-size: 14pt;\">\u2714 Ser ecuatoriana.<\/span><\/p>\n<p data-start=\"616\" data-end=\"696\"><span style=\"font-size: 14pt;\">Vive una experiencia \u00fanica, llena de proyecci\u00f3n, aprendizaje y representaci\u00f3n.<\/span><\/p>\n<p data-start=\"698\" data-end=\"741\"><span style=\"font-size: 14pt;\">\ud83d\udcde <strong data-start=\"701\" data-end=\"726\">Inscr\u00edbete hoy mismo:<\/strong> 099 129 1314<\/span><\/p>\n<hr data-start=\"743\" data-end=\"748\" \/>\n<\/div>\n<\/div>\n<\/div>\n<\/div>\n<div class=\"mt-3 w-full empty:hidden\">\n<div class=\"text-center\"><\/div>\n<\/div>\n<\/div>\n<\/div>\n<\/article>\n<div class=\"pointer-events-none h-px w-px\" aria-hidden=\"true\" data-edge=\"true\"><\/div>\n","protected":false},"excerpt":{"rendered":"<p>AmCham Manab\u00ed abre su convocatoria para elegir a la Reina de la C\u00e1mara 2025, un espacio que busca destacar a<\/p>\n","protected":false},"author":2,"featured_media":3862,"comment_status":"closed","ping_status":"closed","sticky":false,"template":"","format":"standard","meta":{"_joinchat":[],"footnotes":""},"categories":[],"tags":[],"class_list":["post-3861","post","type-post","status-publish","format-standard","has-post-thumbnail","hentry"],"_links":{"self":[{"href":"https:\/\/amcham-manabi.com\/en\/wp-json\/wp\/v2\/posts\/3861","targetHints":{"allow":["GET"]}}],"collection":[{"href":"https:\/\/amcham-manabi.com\/en\/wp-json\/wp\/v2\/posts"}],"about":[{"href":"https:\/\/amcham-manabi.com\/en\/wp-json\/wp\/v2\/types\/post"}],"author":[{"embeddable":true,"href":"https:\/\/amcham-manabi.com\/en\/wp-json\/wp\/v2\/users\/2"}],"replies":[{"embeddable":true,"href":"https:\/\/amcham-manabi.com\/en\/wp-json\/wp\/v2\/comments?post=3861"}],"version-history":[{"count":2,"href":"https:\/\/amcham-manabi.com\/en\/wp-json\/wp\/v2\/posts\/3861\/revisions"}],"predecessor-version":[{"id":3864,"href":"https:\/\/amcham-manabi.com\/en\/wp-json\/wp\/v2\/posts\/3861\/revisions\/3864"}],"wp:featuredmedia":[{"embeddable":true,"href":"https:\/\/amcham-manabi.com\/en\/wp-json\/wp\/v2\/media\/3862"}],"wp:attachment":[{"href":"https:\/\/amcham-manabi.com\/en\/wp-json\/wp\/v2\/media?parent=3861"}],"wp:term":[{"taxonomy":"category","embeddable":true,"href":"https:\/\/amcham-manabi.com\/en\/wp-json\/wp\/v2\/categories?post=3861"},{"taxonomy":"post_tag","embeddable":true,"href":"https:\/\/amcham-manabi.com\/en\/wp-json\/wp\/v2\/tags?post=3861"}],"curies":[{"name":"wp","href":"https:\/\/api.w.org\/{rel}","templated":true}]}}