{"id":3866,"date":"2025-09-23T13:00:24","date_gmt":"2025-09-23T18:00:24","guid":{"rendered":"https:\/\/amcham-manabi.com\/?p=3866"},"modified":"2025-09-23T13:00:24","modified_gmt":"2025-09-23T18:00:24","slug":"preseleccion-de-candidatas-a-reina-de-amcham-manabi-2025","status":"publish","type":"post","link":"https:\/\/amcham-manabi.com\/en\/2025\/09\/23\/preseleccion-de-candidatas-a-reina-de-amcham-manabi-2025\/","title":{"rendered":"Preselecci\u00f3n de Candidatas a Reina de AmCham Manab\u00ed 2025"},"content":{"rendered":"<p data-start=\"187\" data-end=\"415\"><span style=\"font-size: 14pt;\">En un evento realizado en las instalaciones de <strong data-start=\"243\" data-end=\"265\">Casa Rosada, Manta<\/strong>, se llev\u00f3 a cabo la <strong data-start=\"286\" data-end=\"335\">presentaci\u00f3n y preselecci\u00f3n de las candidatas<\/strong> al certamen de belleza que por primera vez organiza nuestra instituci\u00f3n. \ud83d\udc83\ud83c\udf38<\/span><\/p>\n<p data-start=\"417\" data-end=\"726\"><span style=\"font-size: 14pt;\">Cada aspirante comparti\u00f3 sus sue\u00f1os, propuestas y el compromiso social que impulsar\u00e1n en caso de ser elegidas. \ud83d\ude4c\ud83d\udc96 Tras un proceso de selecci\u00f3n, <strong data-start=\"563\" data-end=\"598\">6 talentosas y hermosas j\u00f3venes<\/strong> fueron escogidas, mientras que nuevas participantes se sumar\u00e1n en las pr\u00f3ximas jornadas para completar el grupo oficial. \ud83c\udf3a\ud83d\udc6d<\/span><\/p>\n<p data-start=\"728\" data-end=\"932\"><img loading=\"lazy\" decoding=\"async\" class=\"wp-image-3868 alignnone\" src=\"https:\/\/amcham-manabi.com\/wp-content\/uploads\/2025\/09\/FOTO-REINA-2-300x225.jpg\" alt=\"\" width=\"856\" height=\"642\" srcset=\"https:\/\/amcham-manabi.com\/wp-content\/uploads\/2025\/09\/FOTO-REINA-2-300x225.jpg 300w, https:\/\/amcham-manabi.com\/wp-content\/uploads\/2025\/09\/FOTO-REINA-2-1024x768.jpg 1024w, https:\/\/amcham-manabi.com\/wp-content\/uploads\/2025\/09\/FOTO-REINA-2-768x576.jpg 768w, https:\/\/amcham-manabi.com\/wp-content\/uploads\/2025\/09\/FOTO-REINA-2-1536x1152.jpg 1536w, https:\/\/amcham-manabi.com\/wp-content\/uploads\/2025\/09\/FOTO-REINA-2-2048x1536.jpg 2048w, https:\/\/amcham-manabi.com\/wp-content\/uploads\/2025\/09\/FOTO-REINA-2-600x450.jpg 600w\" sizes=\"auto, (max-width: 856px) 100vw, 856px\" \/><\/p>\n<p data-start=\"728\" data-end=\"932\"><span style=\"font-size: 14pt;\">Las candidatas vivir\u00e1n una experiencia \u00fanica con <strong data-start=\"777\" data-end=\"868\">visitas a empresas, ruedas de prensa, encuentros con autoridades y actividades sociales<\/strong> que fortalecer\u00e1n su preparaci\u00f3n rumbo a la gran gala. \ud83c\udfdb\ufe0f\ud83e\udd1d\ud83d\udcf8<\/span><\/p>\n<p data-start=\"728\" data-end=\"932\"><img loading=\"lazy\" decoding=\"async\" class=\"wp-image-3869 aligncenter\" src=\"https:\/\/amcham-manabi.com\/wp-content\/uploads\/2025\/09\/FOTO-REINA-1-225x300.jpeg\" alt=\"\" width=\"555\" height=\"740\" srcset=\"https:\/\/amcham-manabi.com\/wp-content\/uploads\/2025\/09\/FOTO-REINA-1-225x300.jpeg 225w, https:\/\/amcham-manabi.com\/wp-content\/uploads\/2025\/09\/FOTO-REINA-1-768x1024.jpeg 768w, https:\/\/amcham-manabi.com\/wp-content\/uploads\/2025\/09\/FOTO-REINA-1-1152x1536.jpeg 1152w, https:\/\/amcham-manabi.com\/wp-content\/uploads\/2025\/09\/FOTO-REINA-1-1536x2048.jpeg 1536w, https:\/\/amcham-manabi.com\/wp-content\/uploads\/2025\/09\/FOTO-REINA-1-600x800.jpeg 600w, https:\/\/amcham-manabi.com\/wp-content\/uploads\/2025\/09\/FOTO-REINA-1-scaled.jpeg 1920w\" sizes=\"auto, (max-width: 555px) 100vw, 555px\" \/><\/p>\n<p data-start=\"934\" data-end=\"1069\"><span style=\"font-size: 14pt;\">\ud83d\udcc5 <strong data-start=\"937\" data-end=\"1002\">La elecci\u00f3n final ser\u00e1 el 20 de octubre en el MantaHost Hotel<\/strong>, donde se coronar\u00e1 a la <strong data-start=\"1027\" data-end=\"1061\">primera Reina de AmCham Manab\u00ed<\/strong>. \ud83d\udc51\ud83c\udf89<\/span><\/p>\n","protected":false},"excerpt":{"rendered":"<p>En un evento realizado en las instalaciones de Casa Rosada, Manta, se llev\u00f3 a cabo la presentaci\u00f3n y preselecci\u00f3n de<\/p>\n","protected":false},"author":2,"featured_media":3867,"comment_status":"closed","ping_status":"closed","sticky":false,"template":"","format":"standard","meta":{"_joinchat":[],"footnotes":""},"categories":[],"tags":[],"class_list":["post-3866","post","type-post","status-publish","format-standard","has-post-thumbnail","hentry"],"_links":{"self":[{"href":"https:\/\/amcham-manabi.com\/en\/wp-json\/wp\/v2\/posts\/3866","targetHints":{"allow":["GET"]}}],"collection":[{"href":"https:\/\/amcham-manabi.com\/en\/wp-json\/wp\/v2\/posts"}],"about":[{"href":"https:\/\/amcham-manabi.com\/en\/wp-json\/wp\/v2\/types\/post"}],"author":[{"embeddable":true,"href":"https:\/\/amcham-manabi.com\/en\/wp-json\/wp\/v2\/users\/2"}],"replies":[{"embeddable":true,"href":"https:\/\/amcham-manabi.com\/en\/wp-json\/wp\/v2\/comments?post=3866"}],"version-history":[{"count":1,"href":"https:\/\/amcham-manabi.com\/en\/wp-json\/wp\/v2\/posts\/3866\/revisions"}],"predecessor-version":[{"id":3870,"href":"https:\/\/amcham-manabi.com\/en\/wp-json\/wp\/v2\/posts\/3866\/revisions\/3870"}],"wp:featuredmedia":[{"embeddable":true,"href":"https:\/\/amcham-manabi.com\/en\/wp-json\/wp\/v2\/media\/3867"}],"wp:attachment":[{"href":"https:\/\/amcham-manabi.com\/en\/wp-json\/wp\/v2\/media?parent=3866"}],"wp:term":[{"taxonomy":"category","embeddable":true,"href":"https:\/\/amcham-manabi.com\/en\/wp-json\/wp\/v2\/categories?post=3866"},{"taxonomy":"post_tag","embeddable":true,"href":"https:\/\/amcham-manabi.com\/en\/wp-json\/wp\/v2\/tags?post=3866"}],"curies":[{"name":"wp","href":"https:\/\/api.w.org\/{rel}","templated":true}]}}