{"id":4083,"date":"2026-04-28T14:23:51","date_gmt":"2026-04-28T19:23:51","guid":{"rendered":"https:\/\/amcham-manabi.com\/?p=4083"},"modified":"2026-04-28T14:23:51","modified_gmt":"2026-04-28T19:23:51","slug":"trabajamos-en-conjunto-con-la-unir","status":"publish","type":"post","link":"https:\/\/amcham-manabi.com\/en\/2026\/04\/28\/trabajamos-en-conjunto-con-la-unir\/","title":{"rendered":"Trabajamos en conjunto con la UNIR"},"content":{"rendered":"<p><span style=\"font-size: 14pt;\">Nuestro Presidente y Directora Ejecutiva mantuvieron una reuni\u00f3n de trabajo con la Dra. Rosal\u00eda Arteaga Serrano, Presidenta de UNIR Ecuador, y Manuela Fern\u00e1ndez de C\u00f3rdoba, delegada de la Canciller\u00eda zonal 4, en la que se abordaron temas de inter\u00e9s com\u00fan y se fortalecieron los acercamientos para la suscripci\u00f3n de un *Convenio* de cooperaci\u00f3n interinstitucional.<\/span><\/p>\n<p><span style=\"font-size: 14pt;\">Este encuentro ratifica el compromiso de nuestra instituci\u00f3n con la articulaci\u00f3n de alianzas estrat\u00e9gicas orientadas a impulsar el desarrollo acad\u00e9mico y profesional, promoviendo espacios de colaboraci\u00f3n que contribuyan al crecimiento y fortalecimiento de nuestra comunidad.\u00a0<\/span><\/p>\n<p>&nbsp;<\/p>\n","protected":false},"excerpt":{"rendered":"<p>Nuestro Presidente y Directora Ejecutiva mantuvieron una reuni\u00f3n de trabajo con la Dra. Rosal\u00eda Arteaga Serrano, Presidenta de UNIR Ecuador,<\/p>\n","protected":false},"author":1,"featured_media":4084,"comment_status":"closed","ping_status":"closed","sticky":false,"template":"","format":"standard","meta":{"_joinchat":[],"footnotes":""},"categories":[],"tags":[],"class_list":["post-4083","post","type-post","status-publish","format-standard","has-post-thumbnail","hentry"],"_links":{"self":[{"href":"https:\/\/amcham-manabi.com\/en\/wp-json\/wp\/v2\/posts\/4083","targetHints":{"allow":["GET"]}}],"collection":[{"href":"https:\/\/amcham-manabi.com\/en\/wp-json\/wp\/v2\/posts"}],"about":[{"href":"https:\/\/amcham-manabi.com\/en\/wp-json\/wp\/v2\/types\/post"}],"author":[{"embeddable":true,"href":"https:\/\/amcham-manabi.com\/en\/wp-json\/wp\/v2\/users\/1"}],"replies":[{"embeddable":true,"href":"https:\/\/amcham-manabi.com\/en\/wp-json\/wp\/v2\/comments?post=4083"}],"version-history":[{"count":1,"href":"https:\/\/amcham-manabi.com\/en\/wp-json\/wp\/v2\/posts\/4083\/revisions"}],"predecessor-version":[{"id":4085,"href":"https:\/\/amcham-manabi.com\/en\/wp-json\/wp\/v2\/posts\/4083\/revisions\/4085"}],"wp:featuredmedia":[{"embeddable":true,"href":"https:\/\/amcham-manabi.com\/en\/wp-json\/wp\/v2\/media\/4084"}],"wp:attachment":[{"href":"https:\/\/amcham-manabi.com\/en\/wp-json\/wp\/v2\/media?parent=4083"}],"wp:term":[{"taxonomy":"category","embeddable":true,"href":"https:\/\/amcham-manabi.com\/en\/wp-json\/wp\/v2\/categories?post=4083"},{"taxonomy":"post_tag","embeddable":true,"href":"https:\/\/amcham-manabi.com\/en\/wp-json\/wp\/v2\/tags?post=4083"}],"curies":[{"name":"wp","href":"https:\/\/api.w.org\/{rel}","templated":true}]}}